{"id":33,"date":"2025-10-08T08:31:45","date_gmt":"2025-10-08T06:31:45","guid":{"rendered":"http:\/\/localhost\/kroatien_agrinz\/?p=17"},"modified":"2026-01-19T16:41:53","modified_gmt":"2026-01-19T15:41:53","slug":"republik-kroatien","status":"publish","type":"post","link":"https:\/\/gieleo.bplaced.net\/kroatien\/republik-kroatien\/","title":{"rendered":"Republik Kroatien"},"content":{"rendered":"\n<p style=\"font-size:4vw\">Kroatien ist ein demokratischer Verfassungsstaat in der \u00dcbergangszone von\u00a0Mittel- bzw. Ostmitteleuropa und S\u00fcdosteuropa.<\/p>\n\n\n\n<div class=\"wp-block-group has-base-color has-accent-4-background-color has-text-color has-background has-link-color wp-elements-8463671dce0aa541140d882b742ceaa2\"><div class=\"wp-block-group__inner-container is-layout-constrained wp-block-group-is-layout-constrained\">\n<p style=\"padding-top:0;padding-bottom:0\">Kroatien ist Mitglied<\/p>\n\n\n\n<ul style=\"padding-top:var(--wp--preset--spacing--20);padding-bottom:var(--wp--preset--spacing--20)\" class=\"wp-block-list has-base-color has-accent-4-background-color has-text-color has-background has-link-color wp-elements-c5c34976f2f7b4539e968247225d8d59\">\n<li style=\"padding-top:0;padding-bottom:0\">der&nbsp;Vereinten Nationen, <\/li>\n\n\n\n<li>der&nbsp;Europ\u00e4ischen Union, <\/li>\n\n\n\n<li>der&nbsp;NATO, <\/li>\n\n\n\n<li>der\u00a0OSZE\u00a0<\/li>\n\n\n\n<li>und der\u00a0Welthandelsorganisation.<\/li>\n<\/ul>\n<\/div><\/div>\n\n\n\n<p>Das\u00a0Staatsgebiet\u00a0Kroatiens erstreckt sich \u00fcber ein teils in der\u00a0Pannonischen Tiefebene liegendes kontinentales Binnenland, verbunden mit einem entlang der \u00f6stlichen Adria verlaufenden mediterranen\u00a0K\u00fcsten- und Hinterland, welches vom\u00a0Dinarischen Gebirge\u00a0als\u00a0Wasserscheide\u00a0zwischen Adria und\u00a0<a href=\"https:\/\/de.wikipedia.org\/wiki\/Donau\" target=\"_blank\" rel=\"noreferrer noopener\">Donau<\/a>\u00a0durchzogen wird. <\/p>\n\n\n\n<p>Hauptstadt von Kroatien ist\u00a0Zagreb, die gr\u00f6\u00dfte Stadt vor\u00a0Split,\u00a0Rijeka\u00a0und\u00a0Osijek. Neben der\u00a0Titularnation\u00a0der\u00a0Kroaten\u00a0sind auch nationale Minderheiten Teil des\u00a0Staatsvolks, von denen die\u00a0serbische\u00a0die zahlenm\u00e4\u00dfig gr\u00f6\u00dfte ist.<\/p>\n\n\n\n<p>Die\u00a0Wirtschaft Kroatiens\u00a0wird stark vom\u00a0Tourismus\u00a0bestimmt,\u00a0so dass 2019 die Einnahmen daraus 19,2\u00a0% des\u00a0Bruttoinlandsprodukts\u00a0ausmachten.\u00a0<\/p>\n\n\n\n<p class=\"has-x-large-font-size\">Seit 2023 geh\u00f6rt Kroatien zum&nbsp;Schengen-Raum&nbsp;und zur&nbsp;Eurozone.<\/p>\n\n\n\n<hr class=\"wp-block-separator has-alpha-channel-opacity is-style-dots\"\/>\n","protected":false},"excerpt":{"rendered":"<p>Kroatien ist ein demokratischer Verfassungsstaat in der \u00dcbergangszone von\u00a0Mittel- bzw. Ostmitteleuropa und S\u00fcdosteuropa. Kroatien ist Mitglied Das\u00a0Staatsgebiet\u00a0Kroatiens erstreckt sich \u00fcber ein teils in der\u00a0Pannonischen Tiefebene liegendes kontinentales Binnenland, verbunden mit einem entlang der \u00f6stlichen Adria verlaufenden mediterranen\u00a0K\u00fcsten- und Hinterland, welches vom\u00a0Dinarischen Gebirge\u00a0als\u00a0Wasserscheide\u00a0zwischen Adria und\u00a0Donau\u00a0durchzogen wird. Hauptstadt von Kroatien ist\u00a0Zagreb, die gr\u00f6\u00dfte Stadt vor\u00a0Split,\u00a0Rijeka\u00a0und\u00a0Osijek. Neben der\u00a0Titularnation\u00a0der\u00a0Kroaten\u00a0sind [&hellip;]<\/p>\n","protected":false},"author":1,"featured_media":19,"comment_status":"open","ping_status":"open","sticky":false,"template":"","format":"standard","meta":{"_uag_custom_page_level_css":"","footnotes":""},"categories":[2,3],"tags":[15,17,29],"class_list":["post-33","post","type-post","status-publish","format-standard","has-post-thumbnail","hentry","category-kroatien","category-politik","tag-europa","tag-geografie","tag-wirtschaft"],"uagb_featured_image_src":{"full":["https:\/\/gieleo.bplaced.net\/kroatien\/wp-content\/uploads\/2025\/11\/arenapula.jpg",2560,1271,false],"thumbnail":["https:\/\/gieleo.bplaced.net\/kroatien\/wp-content\/uploads\/2025\/11\/arenapula-150x150.jpg",150,150,true],"medium":["https:\/\/gieleo.bplaced.net\/kroatien\/wp-content\/uploads\/2025\/11\/arenapula-300x149.jpg",300,149,true],"medium_large":["https:\/\/gieleo.bplaced.net\/kroatien\/wp-content\/uploads\/2025\/11\/arenapula-768x381.jpg",768,381,true],"large":["https:\/\/gieleo.bplaced.net\/kroatien\/wp-content\/uploads\/2025\/11\/arenapula-1024x508.jpg",1024,508,true],"1536x1536":["https:\/\/gieleo.bplaced.net\/kroatien\/wp-content\/uploads\/2025\/11\/arenapula-1536x763.jpg",1536,763,true],"2048x2048":["https:\/\/gieleo.bplaced.net\/kroatien\/wp-content\/uploads\/2025\/11\/arenapula-2048x1017.jpg",2048,1017,true],"woocommerce_thumbnail":["https:\/\/gieleo.bplaced.net\/kroatien\/wp-content\/uploads\/2025\/11\/arenapula-300x300.jpg",300,300,true],"woocommerce_single":["https:\/\/gieleo.bplaced.net\/kroatien\/wp-content\/uploads\/2025\/11\/arenapula.jpg",600,298,false],"woocommerce_gallery_thumbnail":["https:\/\/gieleo.bplaced.net\/kroatien\/wp-content\/uploads\/2025\/11\/arenapula-100x100.jpg",100,100,true]},"uagb_author_info":{"display_name":"Leon Gietler","author_link":"https:\/\/gieleo.bplaced.net\/kroatien\/author\/gietler\/"},"uagb_comment_info":0,"uagb_excerpt":"Kroatien ist ein demokratischer Verfassungsstaat in der \u00dcbergangszone von\u00a0Mittel- bzw. Ostmitteleuropa und S\u00fcdosteuropa. Kroatien ist Mitglied Das\u00a0Staatsgebiet\u00a0Kroatiens erstreckt sich \u00fcber ein teils in der\u00a0Pannonischen Tiefebene liegendes kontinentales Binnenland, verbunden mit einem entlang der \u00f6stlichen Adria verlaufenden mediterranen\u00a0K\u00fcsten- und Hinterland, welches vom\u00a0Dinarischen Gebirge\u00a0als\u00a0Wasserscheide\u00a0zwischen Adria und\u00a0Donau\u00a0durchzogen wird. Hauptstadt von Kroatien ist\u00a0Zagreb, die gr\u00f6\u00dfte Stadt vor\u00a0Split,\u00a0Rijeka\u00a0und\u00a0Osijek. Neben der\u00a0Titularnation\u00a0der\u00a0Kroaten\u00a0sind&hellip;","_links":{"self":[{"href":"https:\/\/gieleo.bplaced.net\/kroatien\/wp-json\/wp\/v2\/posts\/33","targetHints":{"allow":["GET"]}}],"collection":[{"href":"https:\/\/gieleo.bplaced.net\/kroatien\/wp-json\/wp\/v2\/posts"}],"about":[{"href":"https:\/\/gieleo.bplaced.net\/kroatien\/wp-json\/wp\/v2\/types\/post"}],"author":[{"embeddable":true,"href":"https:\/\/gieleo.bplaced.net\/kroatien\/wp-json\/wp\/v2\/users\/1"}],"replies":[{"embeddable":true,"href":"https:\/\/gieleo.bplaced.net\/kroatien\/wp-json\/wp\/v2\/comments?post=33"}],"version-history":[{"count":1,"href":"https:\/\/gieleo.bplaced.net\/kroatien\/wp-json\/wp\/v2\/posts\/33\/revisions"}],"predecessor-version":[{"id":201,"href":"https:\/\/gieleo.bplaced.net\/kroatien\/wp-json\/wp\/v2\/posts\/33\/revisions\/201"}],"wp:featuredmedia":[{"embeddable":true,"href":"https:\/\/gieleo.bplaced.net\/kroatien\/wp-json\/wp\/v2\/media\/19"}],"wp:attachment":[{"href":"https:\/\/gieleo.bplaced.net\/kroatien\/wp-json\/wp\/v2\/media?parent=33"}],"wp:term":[{"taxonomy":"category","embeddable":true,"href":"https:\/\/gieleo.bplaced.net\/kroatien\/wp-json\/wp\/v2\/categories?post=33"},{"taxonomy":"post_tag","embeddable":true,"href":"https:\/\/gieleo.bplaced.net\/kroatien\/wp-json\/wp\/v2\/tags?post=33"}],"curies":[{"name":"wp","href":"https:\/\/api.w.org\/{rel}","templated":true}]}}